{"id":1209,"date":"2019-06-03T18:33:21","date_gmt":"2019-06-03T16:33:21","guid":{"rendered":"https:\/\/www.hotelcadoro.com\/?p=1209"},"modified":"2020-04-14T16:28:07","modified_gmt":"2020-04-14T14:28:07","slug":"konzert-j-ax-articolo-31","status":"publish","type":"post","link":"https:\/\/www.hotelcadoro.com\/de\/konzert-j-ax-articolo-31\/","title":{"rendered":"Konzert J-AX + Articolo 31"},"content":{"rendered":"\n<p>Die Stadt Bibione k\u00fcndigt ihre&nbsp;<strong>erste gro\u00dfe Live-Veranstaltung der Saison 2019<\/strong>&nbsp;an.&nbsp;<strong>J-AX<\/strong>&nbsp;hat den Rap von einem Nischengenre zu einem kulturellen Ph\u00e4nomen gemacht. Zusammen mit dem langj\u00e4hrigen Begleiter DJ JAD bringen die beiden H\u00e4lften von Articolo 31 eine neue, unverwechselbare Show aus alten und neuen Hits auf die Sommerb\u00fchnen.<\/p>\n\n\n\n<p><strong>Die Veranstaltung mit J-AX, DJ JAD und Articolo 31 ist am Samstag, den 20. Juli am Strand vor dem Piazza Zenith um 21.30 Uhr.<\/strong><\/p>\n\n\n\n<p>Die Tickets f\u00fcr diese erste gro\u00dfe Veranstaltung der Saison, die von Zenit srl und Fvg Live Srl in Zusammenarbeit mit der Stadt San Michele al Tagliamento und Bibione organisiert wird, sind ab Montag, den 11. M\u00e4rz 11.00 Uhr online auf Ticketone.it und ab 11.00 Uhr Donnerstag, den 14. M\u00e4rz, in allen Verkaufsstellen erh\u00e4ltlich. Alle Infos auf&nbsp;<a href=\"http:\/\/www.azalea.it\/\" target=\"_blank\" rel=\"noreferrer noopener\">www.azalea.it<\/a>&nbsp;und&nbsp;<a href=\"http:\/\/www.fvgmusiclive.it\/\" target=\"_blank\" rel=\"noreferrer noopener\">www.fvgmusiclive.it<\/a>.<\/p>\n","protected":false},"excerpt":{"rendered":"<p>Die Stadt Bibione k\u00fcndigt ihre erste gro\u00dfe Live-Veranstaltung der Saison 2019 an.<\/p>\n","protected":false},"author":2,"featured_media":1205,"comment_status":"closed","ping_status":"closed","sticky":false,"template":"","format":"standard","meta":{"_acf_changed":false,"advgb_blocks_editor_width":"","advgb_blocks_columns_visual_guide":"","footnotes":""},"categories":[],"tags":[],"class_list":["post-1209","post","type-post","status-publish","format-standard","has-post-thumbnail","hentry"],"acf":[],"yoast_head":"<!-- This site is optimized with the Yoast SEO plugin v25.6 - https:\/\/yoast.com\/wordpress\/plugins\/seo\/ -->\n<title>Konzert J-AX + Articolo 31 - Hotel Ca&#039; D&#039;Oro<\/title>\n<meta name=\"robots\" content=\"index, follow, max-snippet:-1, max-image-preview:large, max-video-preview:-1\" \/>\n<link rel=\"canonical\" href=\"https:\/\/www.hotelcadoro.com\/de\/konzert-j-ax-articolo-31\/\" \/>\n<meta property=\"og:locale\" content=\"de_DE\" \/>\n<meta property=\"og:type\" content=\"article\" \/>\n<meta property=\"og:title\" content=\"Konzert J-AX + Articolo 31 - Hotel Ca&#039; D&#039;Oro\" \/>\n<meta property=\"og:description\" content=\"Die Stadt Bibione k\u00fcndigt ihre erste gro\u00dfe Live-Veranstaltung der Saison 2019 an.\" \/>\n<meta property=\"og:url\" content=\"https:\/\/www.hotelcadoro.com\/de\/konzert-j-ax-articolo-31\/\" \/>\n<meta property=\"og:site_name\" content=\"Hotel Ca&#039; D&#039;Oro\" \/>\n<meta property=\"article:published_time\" content=\"2019-06-03T16:33:21+00:00\" \/>\n<meta property=\"article:modified_time\" content=\"2020-04-14T14:28:07+00:00\" \/>\n<meta property=\"og:image\" content=\"https:\/\/www.hotelcadoro.com\/wp-content\/uploads\/2020\/04\/jax-articolo31-concerto.jpg\" \/>\n\t<meta property=\"og:image:width\" content=\"1170\" \/>\n\t<meta property=\"og:image:height\" content=\"608\" \/>\n\t<meta property=\"og:image:type\" content=\"image\/jpeg\" \/>\n<meta name=\"author\" content=\"c4d-0r0w\" \/>\n<meta name=\"twitter:card\" content=\"summary_large_image\" \/>\n<meta name=\"twitter:label1\" content=\"Verfasst von\" \/>\n\t<meta name=\"twitter:data1\" content=\"c4d-0r0w\" \/>\n\t<meta name=\"twitter:label2\" content=\"Gesch\u00e4tzte Lesezeit\" \/>\n\t<meta name=\"twitter:data2\" content=\"1\u00a0Minute\" \/>\n<script type=\"application\/ld+json\" class=\"yoast-schema-graph\">{\"@context\":\"https:\/\/schema.org\",\"@graph\":[{\"@type\":\"Article\",\"@id\":\"https:\/\/www.hotelcadoro.com\/de\/konzert-j-ax-articolo-31\/#article\",\"isPartOf\":{\"@id\":\"https:\/\/www.hotelcadoro.com\/de\/konzert-j-ax-articolo-31\/\"},\"author\":{\"name\":\"c4d-0r0w\",\"@id\":\"https:\/\/www.hotelcadoro.com\/de\/#\/schema\/person\/844ad4de00c5985c51f70f01adf8a33e\"},\"headline\":\"Konzert J-AX + Articolo 31\",\"datePublished\":\"2019-06-03T16:33:21+00:00\",\"dateModified\":\"2020-04-14T14:28:07+00:00\",\"mainEntityOfPage\":{\"@id\":\"https:\/\/www.hotelcadoro.com\/de\/konzert-j-ax-articolo-31\/\"},\"wordCount\":150,\"publisher\":{\"@id\":\"https:\/\/www.hotelcadoro.com\/de\/#organization\"},\"image\":{\"@id\":\"https:\/\/www.hotelcadoro.com\/de\/konzert-j-ax-articolo-31\/#primaryimage\"},\"thumbnailUrl\":\"https:\/\/www.hotelcadoro.com\/wp-content\/uploads\/2020\/04\/jax-articolo31-concerto.jpg\",\"inLanguage\":\"de\"},{\"@type\":\"WebPage\",\"@id\":\"https:\/\/www.hotelcadoro.com\/de\/konzert-j-ax-articolo-31\/\",\"url\":\"https:\/\/www.hotelcadoro.com\/de\/konzert-j-ax-articolo-31\/\",\"name\":\"Konzert J-AX + Articolo 31 - Hotel Ca&#039; D&#039;Oro\",\"isPartOf\":{\"@id\":\"https:\/\/www.hotelcadoro.com\/de\/#website\"},\"primaryImageOfPage\":{\"@id\":\"https:\/\/www.hotelcadoro.com\/de\/konzert-j-ax-articolo-31\/#primaryimage\"},\"image\":{\"@id\":\"https:\/\/www.hotelcadoro.com\/de\/konzert-j-ax-articolo-31\/#primaryimage\"},\"thumbnailUrl\":\"https:\/\/www.hotelcadoro.com\/wp-content\/uploads\/2020\/04\/jax-articolo31-concerto.jpg\",\"datePublished\":\"2019-06-03T16:33:21+00:00\",\"dateModified\":\"2020-04-14T14:28:07+00:00\",\"breadcrumb\":{\"@id\":\"https:\/\/www.hotelcadoro.com\/de\/konzert-j-ax-articolo-31\/#breadcrumb\"},\"inLanguage\":\"de\",\"potentialAction\":[{\"@type\":\"ReadAction\",\"target\":[\"https:\/\/www.hotelcadoro.com\/de\/konzert-j-ax-articolo-31\/\"]}]},{\"@type\":\"ImageObject\",\"inLanguage\":\"de\",\"@id\":\"https:\/\/www.hotelcadoro.com\/de\/konzert-j-ax-articolo-31\/#primaryimage\",\"url\":\"https:\/\/www.hotelcadoro.com\/wp-content\/uploads\/2020\/04\/jax-articolo31-concerto.jpg\",\"contentUrl\":\"https:\/\/www.hotelcadoro.com\/wp-content\/uploads\/2020\/04\/jax-articolo31-concerto.jpg\",\"width\":1170,\"height\":608},{\"@type\":\"BreadcrumbList\",\"@id\":\"https:\/\/www.hotelcadoro.com\/de\/konzert-j-ax-articolo-31\/#breadcrumb\",\"itemListElement\":[{\"@type\":\"ListItem\",\"position\":1,\"name\":\"Home\",\"item\":\"https:\/\/www.hotelcadoro.com\/de\/\"},{\"@type\":\"ListItem\",\"position\":2,\"name\":\"Konzert J-AX + Articolo 31\"}]},{\"@type\":\"WebSite\",\"@id\":\"https:\/\/www.hotelcadoro.com\/de\/#website\",\"url\":\"https:\/\/www.hotelcadoro.com\/de\/\",\"name\":\"Hotel Ca&#039; D&#039;Oro\",\"description\":\"\",\"publisher\":{\"@id\":\"https:\/\/www.hotelcadoro.com\/de\/#organization\"},\"potentialAction\":[{\"@type\":\"SearchAction\",\"target\":{\"@type\":\"EntryPoint\",\"urlTemplate\":\"https:\/\/www.hotelcadoro.com\/de\/?s={search_term_string}\"},\"query-input\":{\"@type\":\"PropertyValueSpecification\",\"valueRequired\":true,\"valueName\":\"search_term_string\"}}],\"inLanguage\":\"de\"},{\"@type\":\"Organization\",\"@id\":\"https:\/\/www.hotelcadoro.com\/de\/#organization\",\"name\":\"Hotel Ca' D'Oro\",\"url\":\"https:\/\/www.hotelcadoro.com\/de\/\",\"logo\":{\"@type\":\"ImageObject\",\"inLanguage\":\"de\",\"@id\":\"https:\/\/www.hotelcadoro.com\/de\/#\/schema\/logo\/image\/\",\"url\":\"https:\/\/www.hotelcadoro.com\/wp-content\/uploads\/2020\/03\/logo.png\",\"contentUrl\":\"https:\/\/www.hotelcadoro.com\/wp-content\/uploads\/2020\/03\/logo.png\",\"width\":528,\"height\":400,\"caption\":\"Hotel Ca' D'Oro\"},\"image\":{\"@id\":\"https:\/\/www.hotelcadoro.com\/de\/#\/schema\/logo\/image\/\"}},{\"@type\":\"Person\",\"@id\":\"https:\/\/www.hotelcadoro.com\/de\/#\/schema\/person\/844ad4de00c5985c51f70f01adf8a33e\",\"name\":\"c4d-0r0w\"}]}<\/script>\n<!-- \/ Yoast SEO plugin. -->","yoast_head_json":{"title":"Konzert J-AX + Articolo 31 - Hotel Ca&#039; D&#039;Oro","robots":{"index":"index","follow":"follow","max-snippet":"max-snippet:-1","max-image-preview":"max-image-preview:large","max-video-preview":"max-video-preview:-1"},"canonical":"https:\/\/www.hotelcadoro.com\/de\/konzert-j-ax-articolo-31\/","og_locale":"de_DE","og_type":"article","og_title":"Konzert J-AX + Articolo 31 - Hotel Ca&#039; D&#039;Oro","og_description":"Die Stadt Bibione k\u00fcndigt ihre erste gro\u00dfe Live-Veranstaltung der Saison 2019 an.","og_url":"https:\/\/www.hotelcadoro.com\/de\/konzert-j-ax-articolo-31\/","og_site_name":"Hotel Ca&#039; D&#039;Oro","article_published_time":"2019-06-03T16:33:21+00:00","article_modified_time":"2020-04-14T14:28:07+00:00","og_image":[{"width":1170,"height":608,"url":"https:\/\/www.hotelcadoro.com\/wp-content\/uploads\/2020\/04\/jax-articolo31-concerto.jpg","type":"image\/jpeg"}],"author":"c4d-0r0w","twitter_card":"summary_large_image","twitter_misc":{"Verfasst von":"c4d-0r0w","Gesch\u00e4tzte Lesezeit":"1\u00a0Minute"},"schema":{"@context":"https:\/\/schema.org","@graph":[{"@type":"Article","@id":"https:\/\/www.hotelcadoro.com\/de\/konzert-j-ax-articolo-31\/#article","isPartOf":{"@id":"https:\/\/www.hotelcadoro.com\/de\/konzert-j-ax-articolo-31\/"},"author":{"name":"c4d-0r0w","@id":"https:\/\/www.hotelcadoro.com\/de\/#\/schema\/person\/844ad4de00c5985c51f70f01adf8a33e"},"headline":"Konzert J-AX + Articolo 31","datePublished":"2019-06-03T16:33:21+00:00","dateModified":"2020-04-14T14:28:07+00:00","mainEntityOfPage":{"@id":"https:\/\/www.hotelcadoro.com\/de\/konzert-j-ax-articolo-31\/"},"wordCount":150,"publisher":{"@id":"https:\/\/www.hotelcadoro.com\/de\/#organization"},"image":{"@id":"https:\/\/www.hotelcadoro.com\/de\/konzert-j-ax-articolo-31\/#primaryimage"},"thumbnailUrl":"https:\/\/www.hotelcadoro.com\/wp-content\/uploads\/2020\/04\/jax-articolo31-concerto.jpg","inLanguage":"de"},{"@type":"WebPage","@id":"https:\/\/www.hotelcadoro.com\/de\/konzert-j-ax-articolo-31\/","url":"https:\/\/www.hotelcadoro.com\/de\/konzert-j-ax-articolo-31\/","name":"Konzert J-AX + Articolo 31 - Hotel Ca&#039; D&#039;Oro","isPartOf":{"@id":"https:\/\/www.hotelcadoro.com\/de\/#website"},"primaryImageOfPage":{"@id":"https:\/\/www.hotelcadoro.com\/de\/konzert-j-ax-articolo-31\/#primaryimage"},"image":{"@id":"https:\/\/www.hotelcadoro.com\/de\/konzert-j-ax-articolo-31\/#primaryimage"},"thumbnailUrl":"https:\/\/www.hotelcadoro.com\/wp-content\/uploads\/2020\/04\/jax-articolo31-concerto.jpg","datePublished":"2019-06-03T16:33:21+00:00","dateModified":"2020-04-14T14:28:07+00:00","breadcrumb":{"@id":"https:\/\/www.hotelcadoro.com\/de\/konzert-j-ax-articolo-31\/#breadcrumb"},"inLanguage":"de","potentialAction":[{"@type":"ReadAction","target":["https:\/\/www.hotelcadoro.com\/de\/konzert-j-ax-articolo-31\/"]}]},{"@type":"ImageObject","inLanguage":"de","@id":"https:\/\/www.hotelcadoro.com\/de\/konzert-j-ax-articolo-31\/#primaryimage","url":"https:\/\/www.hotelcadoro.com\/wp-content\/uploads\/2020\/04\/jax-articolo31-concerto.jpg","contentUrl":"https:\/\/www.hotelcadoro.com\/wp-content\/uploads\/2020\/04\/jax-articolo31-concerto.jpg","width":1170,"height":608},{"@type":"BreadcrumbList","@id":"https:\/\/www.hotelcadoro.com\/de\/konzert-j-ax-articolo-31\/#breadcrumb","itemListElement":[{"@type":"ListItem","position":1,"name":"Home","item":"https:\/\/www.hotelcadoro.com\/de\/"},{"@type":"ListItem","position":2,"name":"Konzert J-AX + Articolo 31"}]},{"@type":"WebSite","@id":"https:\/\/www.hotelcadoro.com\/de\/#website","url":"https:\/\/www.hotelcadoro.com\/de\/","name":"Hotel Ca&#039; D&#039;Oro","description":"","publisher":{"@id":"https:\/\/www.hotelcadoro.com\/de\/#organization"},"potentialAction":[{"@type":"SearchAction","target":{"@type":"EntryPoint","urlTemplate":"https:\/\/www.hotelcadoro.com\/de\/?s={search_term_string}"},"query-input":{"@type":"PropertyValueSpecification","valueRequired":true,"valueName":"search_term_string"}}],"inLanguage":"de"},{"@type":"Organization","@id":"https:\/\/www.hotelcadoro.com\/de\/#organization","name":"Hotel Ca' D'Oro","url":"https:\/\/www.hotelcadoro.com\/de\/","logo":{"@type":"ImageObject","inLanguage":"de","@id":"https:\/\/www.hotelcadoro.com\/de\/#\/schema\/logo\/image\/","url":"https:\/\/www.hotelcadoro.com\/wp-content\/uploads\/2020\/03\/logo.png","contentUrl":"https:\/\/www.hotelcadoro.com\/wp-content\/uploads\/2020\/03\/logo.png","width":528,"height":400,"caption":"Hotel Ca' D'Oro"},"image":{"@id":"https:\/\/www.hotelcadoro.com\/de\/#\/schema\/logo\/image\/"}},{"@type":"Person","@id":"https:\/\/www.hotelcadoro.com\/de\/#\/schema\/person\/844ad4de00c5985c51f70f01adf8a33e","name":"c4d-0r0w"}]}},"author_meta":{"display_name":"c4d-0r0w","author_link":"https:\/\/www.hotelcadoro.com\/de\/author\/c4d-0r0w\/"},"featured_img":"https:\/\/www.hotelcadoro.com\/wp-content\/uploads\/2020\/04\/jax-articolo31-concerto-300x156.jpg","coauthors":[],"tax_additional":[],"comment_count":"0","relative_dates":{"created":"Posted 7\u00a0Jahren ago","modified":"Updated 6\u00a0Jahren ago"},"absolute_dates":{"created":"Posted on 3 Juni 2019","modified":"Updated on 14 April 2020"},"absolute_dates_time":{"created":"Posted on 3 Juni 2019 18:33","modified":"Updated on 14 April 2020 16:28"},"featured_img_caption":"","series_order":"","_links":{"self":[{"href":"https:\/\/www.hotelcadoro.com\/de\/wp-json\/wp\/v2\/posts\/1209","targetHints":{"allow":["GET"]}}],"collection":[{"href":"https:\/\/www.hotelcadoro.com\/de\/wp-json\/wp\/v2\/posts"}],"about":[{"href":"https:\/\/www.hotelcadoro.com\/de\/wp-json\/wp\/v2\/types\/post"}],"author":[{"embeddable":true,"href":"https:\/\/www.hotelcadoro.com\/de\/wp-json\/wp\/v2\/users\/2"}],"replies":[{"embeddable":true,"href":"https:\/\/www.hotelcadoro.com\/de\/wp-json\/wp\/v2\/comments?post=1209"}],"version-history":[{"count":0,"href":"https:\/\/www.hotelcadoro.com\/de\/wp-json\/wp\/v2\/posts\/1209\/revisions"}],"wp:featuredmedia":[{"embeddable":true,"href":"https:\/\/www.hotelcadoro.com\/de\/wp-json\/wp\/v2\/media\/1205"}],"wp:attachment":[{"href":"https:\/\/www.hotelcadoro.com\/de\/wp-json\/wp\/v2\/media?parent=1209"}],"wp:term":[{"taxonomy":"category","embeddable":true,"href":"https:\/\/www.hotelcadoro.com\/de\/wp-json\/wp\/v2\/categories?post=1209"},{"taxonomy":"post_tag","embeddable":true,"href":"https:\/\/www.hotelcadoro.com\/de\/wp-json\/wp\/v2\/tags?post=1209"}],"curies":[{"name":"wp","href":"https:\/\/api.w.org\/{rel}","templated":true}]}}